{"id":12678,"date":"2025-12-09T13:00:12","date_gmt":"2025-12-09T13:00:12","guid":{"rendered":"https:\/\/french.kwiziq.com\/blog\/?p=12678"},"modified":"2026-02-02T12:57:42","modified_gmt":"2026-02-02T12:57:42","slug":"a-la-francaise-episode-8-couter-les-yeux-de-la-tete","status":"publish","type":"post","link":"https:\/\/french.kwiziq.com\/blog\/a-la-francaise-episode-8-couter-les-yeux-de-la-tete\/","title":{"rendered":"\u00c0 la fran\u00e7aise Ep. 8: &#8220;Co\u00fbter les yeux de la t\u00eate&#8221;"},"content":{"rendered":"<h2 style=\"text-align: center\">French Expressions and Idioms<\/h2>\n<p><em>Have you heard of <strong>&#8220;idiomatic expressions&#8221;<\/strong>? These are figurative expressions specific to French, that are usually not translatable directly, as each language uses its own references! Therefore, you need to learn them directly in the language, as well as learning French equivalents to the ones you use in English! Knowing idiomatic expressions is key when learning a new language and it will definitely help you sound like a true Fran\u00e7ais <\/em>\ud83d\ude0a<\/p>\n<h6>\u270d\ufe0f Today&#8217;s French expression is:<\/h6>\n<p>&nbsp;<\/p>\n<p><img loading=\"lazy\" decoding=\"async\" src=\"\/files\/french\/blog\/2025\/12\/podcast-couter-les-yeux-de-la-tete-300-1.jpg\" alt=\"a Mister Potato buying some gifts with one of his eyes\" width=\"300\" height=\"300\" align=\"left\" \/><\/p>\n<h3 align=\"center\"><\/h3>\n<h3 align=\"center\"><\/h3>\n<h3 align=\"center\"><b><i>\u201cCo\u00fbter les yeux de la t\u00eate\u201d<\/i><\/b><\/h3>\n<div align=\"center\">Literally: &#8220;To cost the eyes from the head&#8221;<\/div>\n<div align=\"center\">Figuratively: &#8220;To be very expensive&#8221;<\/div>\n<div align=\"center\">English equivalent: &#8220;To cost an arm and a leg&#8221;<\/div>\n<p>&nbsp;<\/p>\n<p>&nbsp;<\/p>\n<p>&nbsp;<\/p>\n<p>&nbsp;<\/p>\n<p>&nbsp;<\/p>\n<p>&nbsp;<\/p>\n<div align=\"left\">\n<h6>\ud83c\udfa7 Here&#8217;s a podcast about it!<\/h6>\n<p>Want to learn more about this fun expression, what it means, and hear some in-context examples? Then listen to <a href=\"\/user\/23\/\">Aur\u00e9lie<\/a> and <a href=\"\/user\/320616\">C\u00e9line<\/a>&#8216;s related <b>podcast <\/b>below:<\/p>\n<div class=\"audio-player audio-player--full audio-player--box kwiziq-wp-audio-override\" \n                  data-audio-config-id=\"kwiziq-wp-audio-player-1\"\n                  data-audio-config-src=\"\/files\/french\/blog\/2025\/12\/podcast-idioms-8-couter-les-yeux-de-la-tete-finalcut.mp3\"\n                  data-audio-config-volume=\"1.0\"\n                  data-audio-config-rate=\"1\"\n                  data-audio-config-preserve-pitch=\"true\"\n                  tabindex=\"0\">\n                <audio class=\"audio-player__audio-element\" preload=\"none\"><\/audio>\n                <div class=\"audio-player__controls\">\n                    <button class=\"audio-player__control audio-player__control--button audio-player__control--button-compact audio-player__control--button-play\"\n                            data-audio-config-target=\"kwiziq-wp-audio-player-1\"\n                            data-audio-control-action=\"toggle-play\"\n                            title=\"Play\/Pause\"><\/button>\n                    \n                    <div class=\"audio-player__control audio-player__control--timeline\">\n                        <input type=\"range\"\n                               class=\"audio-player__progress\"\n                               data-audio-config-target=\"kwiziq-wp-audio-player-1\"\n                               data-audio-control-element=\"progress\"\n                               min=\"0\"\n                               max=\"0\"\n                               value=\"0\"\n                               step=\"0.01\" \/>\n                    <\/div>\n                   \n                    <div class=\"audio-player__control audio-player__control--speed\">\n                        <select class=\"audio-player__speed-selector\"\n                                data-audio-config-target=\"kwiziq-wp-audio-player-1\"\n                                data-audio-control-action=\"set-speed\"\n                                title=\"Playback speed\">\n                            <option value=\"0.5\">0.5x<\/option>\n                            <option value=\"0.75\">0.75x<\/option>\n                            <option value=\"1\" selected>1x<\/option>\n                            <option value=\"1.25\">1.25x<\/option>\n                            <option value=\"1.5\">1.5x<\/option>\n                            <option value=\"1.75\">1.75x<\/option>\n                        <\/select>\n                    <\/div>\n                    \n                    <div class=\"audio-player__control audio-player__control--time\">\n                        <span class=\"audio-player__current\"\n                              data-audio-config-target=\"kwiziq-wp-audio-player-1\"\n                              data-audio-control-element=\"current-time\">0:00<\/span>\n                        \/\n                        <span class=\"audio-player__duration\"\n                              data-audio-config-target=\"kwiziq-wp-audio-player-1\"\n                              data-audio-control-element=\"duration\">0:00<\/span>\n                    <\/div>\n\n                    <div class=\"audio-player__control audio-player__control--volume\">\n                        <button \n                            class=\"audio-player__control audio-player__control--button audio-player__control--button-compact audio-player__control--button-mute\" \n                            data-audio-config-target=\"kwiziq-wp-audio-player-1\" \n                            data-audio-control-action=\"toggle-mute\" \n                            title=\"Mute\/Unmute\"\n                        ><\/button>\n                        <input \n                            type=\"range\" \n                            class=\"audio-player__volume-slider\" \n                            data-audio-config-target=\"kwiziq-wp-audio-player-1\" \n                            data-audio-control-element=\"volume\" \n                            min=\"0\" \n                            max=\"1\" \n                            step=\"0.01\" \n                            value=\"1\" \n                            autocomplete=\"off\"\n                        >\n                    <\/div>\n                <\/div>\n            <\/div>\n<p>&nbsp;<\/p>\n<h6>\ud83e\udd11\u00a0Some context<\/h6>\n<p>The expression <em>&#8220;co\u00fbter les yeux de la t\u00eate&#8221;<\/em> dates back either to Roman times or to the Middles Ages and means <em>&#8220;to be very expensive&#8221;<\/em>. Equivalent expressions in English would be <em>&#8220;to cost the earth&#8221;<\/em> or <em>&#8220;to cost an arm and a leg&#8221;<\/em>. This expression is used to emphasise that you will pay a very high cost for the item you wish to buy.<\/p>\n<p>&nbsp;<\/p>\n<h6>\ud83d\udc40 How about some examples?<\/h6>\n<p><span style=\"font-weight: 400\">To help you commit this expression to memory, here are some useful examples of how to use it in context:<\/span><\/p>\n<ul>\n<li><em>J&#8217;aimerais tellement acheter ce nouvel ordinateur mais il va me co\u00fbter les yeux de la t\u00eate !<\/em><\/li>\n<\/ul>\n<ul>\n<li><em>&#8211; Oh H\u00e9l\u00e8ne, ta nouvelle cuisine est ravissante !<br \/>\n&#8211; Merci ! Il faut dire qu&#8217;elle m&#8217;a co\u00fbt\u00e9 les yeux de la t\u00eate. Mais le r\u00e9sultat en valait la peine.<br \/>\n<\/em><\/li>\n<\/ul>\n<ul>\n<li><em>Mon mari et moi r\u00eavons de faire un long voyage en Australie mais les billets d&#8217;avion co\u00fbtent les yeux de la t\u00eate !<\/em><\/li>\n<\/ul>\n<ul>\n<li><em>&#8211; Luc, on va prendre un verre au nouveau bar \u00e0 cocktails ? Il para\u00eet qu&#8217;ils sont excellents.<\/em><br \/>\n<em>&#8211; Oui, mais ils vont aussi nous co\u00fbter les yeux de la t\u00eate !<\/em><\/li>\n<\/ul>\n<\/div>\n<p>&nbsp;<\/p>\n<h6>\ud83e\udd29 NEW:\u00a0 Enjoy a special Fill-in-the-Blanks exercise!<\/h6>\n<p><span style=\"font-weight: 400\">With this great Fill-in-the-Blanks exercise featuring our new expression, you get to <strong>practise your French grammar<\/strong> while getting <strong>another in-context use of the expression<\/strong> <em>&#8220;co\u00fbter les yeux de la t\u00eate&#8221;<\/em> to help you remember it \ud83e\udd17 <em>Que demander de plus ?<\/em><\/span><\/p>\n<ul>\n<li><strong><a href=\"\/my-languages\/french\/tests\/overview\/18054582\">Un achat impulsif (Agreement of Adjectives)<\/a> &#8211; A2<\/strong><\/li>\n<\/ul>\n<p>&nbsp;<\/p>\n<div align=\"left\">\n<h6>\ud83d\ude4c Now is your time to shine!<\/h6>\n<p><span style=\"font-weight: 400\">Challenge yourself to use this expression in a French conversation or piece of writing, and let us know what you thought of this expression, share your idiomatic sentences, and tell us how your French friends reacted to it &#8211; <em>en fran\u00e7ais bien s\u00fbr<\/em> &#8211;\u00a0 in the comments below \ud83d\ude42 \u00a0 <\/span><\/p>\n<p><i><span style=\"font-weight: 400\">\u00c0 toi de jouer !<\/span><\/i><\/p>\n<p>&nbsp;<\/p>\n<p>&nbsp;<\/p>\n<\/div>\n<div id=\"kwiz-app\"\n\t\t\t\t\tdata-url=\"https:\/\/french.kwiziq.com\/api\"\n\t\t\t\t\tdata-title=\"Test your French against the CEFR standard\"\n\t\t\t\t\tdata-return-url=\"https:\/\/french.kwiziq.com\/blog\/a-la-francaise-episode-8-couter-les-yeux-de-la-tete\/\"\n\t\t\t\t\tdata-return-title=\"&Agrave; la fran&ccedil;aise Ep. 8: &quot;Co&ucirc;ter les yeux de la t&ecirc;te&quot;\"\n\t\t\t\t\tdata-questionspercomp=\"\"\n\t\t\t\t\tdata-token=\"\"\n\t\t\t\t\tdata-template=\"\"\n\t\t\t\t\tdata-kwizkey=\"sorter\">\n\t\t\t\t\t<\/div>","protected":false},"excerpt":{"rendered":"<p>French Expressions and Idioms Have you heard of &#8220;idiomatic expressions&#8221;? These are figurative expressions specific to French, that are usually not translatable directly, as each language uses its own references! Therefore, you need to learn them directly in the language, as well as learning French equivalents to the ones you use in English! Knowing idiomatic [&hellip;]<\/p>\n","protected":false},"author":14,"featured_media":12768,"comment_status":"open","ping_status":"open","sticky":false,"template":"","format":"standard","meta":{"_acf_changed":false,"_yoast_wpseo_focuskw":"","_yoast_wpseo_metadesc":"Learn exciting French idiomatic expressions to sound like a true Fran\u00e7ais(e)! Today's expression is \"co\u00fbter les yeux de la t\u00eate\".","_yoast_wpseo_opengraph-title":"\u00c0 la fran\u00e7aise - French expressions : \"Co\u00fbter les yeux de la t\u00eate\"","_yoast_wpseo_opengraph-description":"Learn exciting French idiomatic expressions to sound like a true Fran\u00e7ais(e)! Today's expression is \"Co\u00fbter les yeux de la t\u00eate\".","_monsterinsights_skip_tracking":false,"_monsterinsights_sitenote_active":false,"_monsterinsights_sitenote_note":"","_monsterinsights_sitenote_category":0,"footnotes":""},"categories":[127],"tags":[181,153,154,179],"coauthors":[166,118],"class_list":["post-12678","post","type-post","status-publish","format-standard","has-post-thumbnail","hentry","category-listening","tag-a-la-francaise-podcast","tag-b2","tag-c1","tag-kwiziq-french-podcasts"],"acf":[],"yoast_head":"<!-- This site is optimized with the Yoast SEO plugin v27.3 - https:\/\/yoast.com\/product\/yoast-seo-wordpress\/ -->\n<title>\u00c0 la fran\u00e7aise Ep. 8: &quot;Co\u00fbter les yeux de la t\u00eate&quot; - Kwiziq French Language Learning Blog<\/title>\n<meta name=\"description\" content=\"Learn exciting French idiomatic expressions to sound like a true Fran\u00e7ais(e)! Today&#039;s expression is &quot;co\u00fbter les yeux de la t\u00eate&quot;.\" \/>\n<meta name=\"robots\" content=\"index, follow, max-snippet:-1, max-image-preview:large, max-video-preview:-1\" \/>\n<link rel=\"canonical\" href=\"https:\/\/french.kwiziq.com\/blog\/a-la-francaise-episode-8-couter-les-yeux-de-la-tete\/\" \/>\n<meta property=\"og:locale\" content=\"en_GB\" \/>\n<meta property=\"og:type\" content=\"article\" \/>\n<meta property=\"og:title\" content=\"\u00c0 la fran\u00e7aise - French expressions : &quot;Co\u00fbter les yeux de la t\u00eate&quot;\" \/>\n<meta property=\"og:description\" content=\"Learn exciting French idiomatic expressions to sound like a true Fran\u00e7ais(e)! Today&#039;s expression is &quot;Co\u00fbter les yeux de la t\u00eate&quot;.\" \/>\n<meta property=\"og:url\" content=\"https:\/\/french.kwiziq.com\/blog\/a-la-francaise-episode-8-couter-les-yeux-de-la-tete\/\" \/>\n<meta property=\"og:site_name\" content=\"Kwiziq French Language Learning Blog\" \/>\n<meta property=\"article:publisher\" content=\"https:\/\/www.facebook.com\/KwiziqFrench\/\" \/>\n<meta property=\"article:published_time\" content=\"2025-12-09T13:00:12+00:00\" \/>\n<meta property=\"article:modified_time\" content=\"2026-02-02T12:57:42+00:00\" \/>\n<meta property=\"og:image\" content=\"https:\/\/french.kwiziq.com\/files\/french\/blog\/2025\/12\/podcast-couter-les-yeux-de-la-tete-300-1.jpg\" \/>\n\t<meta property=\"og:image:width\" content=\"300\" \/>\n\t<meta property=\"og:image:height\" content=\"300\" \/>\n\t<meta property=\"og:image:type\" content=\"image\/jpeg\" \/>\n<meta name=\"author\" content=\"C\u00e9line Pickard, Aur\u00e9lie Drouard\" \/>\n<meta name=\"twitter:label1\" content=\"Written by\" \/>\n\t<meta name=\"twitter:data1\" content=\"C\u00e9line Pickard, Aur\u00e9lie Drouard\" \/>\n\t<meta name=\"twitter:label2\" content=\"Estimated reading time\" \/>\n\t<meta name=\"twitter:data2\" content=\"3 minutes\" \/>\n<script type=\"application\/ld+json\" class=\"yoast-schema-graph\">{\"@context\":\"https:\\\/\\\/schema.org\",\"@graph\":[{\"@type\":[\"Article\",\"BlogPosting\"],\"@id\":\"https:\\\/\\\/french.kwiziq.com\\\/blog\\\/a-la-francaise-episode-8-couter-les-yeux-de-la-tete\\\/#article\",\"isPartOf\":{\"@id\":\"https:\\\/\\\/french.kwiziq.com\\\/blog\\\/a-la-francaise-episode-8-couter-les-yeux-de-la-tete\\\/\"},\"author\":{\"name\":\"C\u00e9line Pickard\",\"@id\":\"https:\\\/\\\/french.kwiziq.com\\\/blog\\\/#\\\/schema\\\/person\\\/6170121044dc40512cee3d3baeaba184\"},\"headline\":\"\u00c0 la fran\u00e7aise Ep. 8: &#8220;Co\u00fbter les yeux de la t\u00eate&#8221;\",\"datePublished\":\"2025-12-09T13:00:12+00:00\",\"dateModified\":\"2026-02-02T12:57:42+00:00\",\"mainEntityOfPage\":{\"@id\":\"https:\\\/\\\/french.kwiziq.com\\\/blog\\\/a-la-francaise-episode-8-couter-les-yeux-de-la-tete\\\/\"},\"wordCount\":497,\"commentCount\":2,\"publisher\":{\"@id\":\"https:\\\/\\\/french.kwiziq.com\\\/blog\\\/#organization\"},\"image\":{\"@id\":\"https:\\\/\\\/french.kwiziq.com\\\/blog\\\/a-la-francaise-episode-8-couter-les-yeux-de-la-tete\\\/#primaryimage\"},\"thumbnailUrl\":\"\\\/files\\\/french\\\/blog\\\/2025\\\/12\\\/podcast-couter-les-yeux-de-la-tete-300-1.jpg\",\"keywords\":[\"\u00c0 la fran\u00e7aise Podcast\",\"B2\",\"C1\",\"Kwiziq French Podcasts\"],\"articleSection\":[\"Listening\"],\"inLanguage\":\"en-GB\",\"potentialAction\":[{\"@type\":\"CommentAction\",\"name\":\"Comment\",\"target\":[\"https:\\\/\\\/french.kwiziq.com\\\/blog\\\/a-la-francaise-episode-8-couter-les-yeux-de-la-tete\\\/#respond\"]}]},{\"@type\":\"WebPage\",\"@id\":\"https:\\\/\\\/french.kwiziq.com\\\/blog\\\/a-la-francaise-episode-8-couter-les-yeux-de-la-tete\\\/\",\"url\":\"https:\\\/\\\/french.kwiziq.com\\\/blog\\\/a-la-francaise-episode-8-couter-les-yeux-de-la-tete\\\/\",\"name\":\"\u00c0 la fran\u00e7aise Ep. 8: \\\"Co\u00fbter les yeux de la t\u00eate\\\" - Kwiziq French Language Learning Blog\",\"isPartOf\":{\"@id\":\"https:\\\/\\\/french.kwiziq.com\\\/blog\\\/#website\"},\"primaryImageOfPage\":{\"@id\":\"https:\\\/\\\/french.kwiziq.com\\\/blog\\\/a-la-francaise-episode-8-couter-les-yeux-de-la-tete\\\/#primaryimage\"},\"image\":{\"@id\":\"https:\\\/\\\/french.kwiziq.com\\\/blog\\\/a-la-francaise-episode-8-couter-les-yeux-de-la-tete\\\/#primaryimage\"},\"thumbnailUrl\":\"\\\/files\\\/french\\\/blog\\\/2025\\\/12\\\/podcast-couter-les-yeux-de-la-tete-300-1.jpg\",\"datePublished\":\"2025-12-09T13:00:12+00:00\",\"dateModified\":\"2026-02-02T12:57:42+00:00\",\"description\":\"Learn exciting French idiomatic expressions to sound like a true Fran\u00e7ais(e)! Today's expression is \\\"co\u00fbter les yeux de la t\u00eate\\\".\",\"breadcrumb\":{\"@id\":\"https:\\\/\\\/french.kwiziq.com\\\/blog\\\/a-la-francaise-episode-8-couter-les-yeux-de-la-tete\\\/#breadcrumb\"},\"inLanguage\":\"en-GB\",\"potentialAction\":[{\"@type\":\"ReadAction\",\"target\":[\"https:\\\/\\\/french.kwiziq.com\\\/blog\\\/a-la-francaise-episode-8-couter-les-yeux-de-la-tete\\\/\"]}]},{\"@type\":\"ImageObject\",\"inLanguage\":\"en-GB\",\"@id\":\"https:\\\/\\\/french.kwiziq.com\\\/blog\\\/a-la-francaise-episode-8-couter-les-yeux-de-la-tete\\\/#primaryimage\",\"url\":\"\\\/files\\\/french\\\/blog\\\/2025\\\/12\\\/podcast-couter-les-yeux-de-la-tete-300-1.jpg\",\"contentUrl\":\"\\\/files\\\/french\\\/blog\\\/2025\\\/12\\\/podcast-couter-les-yeux-de-la-tete-300-1.jpg\",\"width\":300,\"height\":300},{\"@type\":\"BreadcrumbList\",\"@id\":\"https:\\\/\\\/french.kwiziq.com\\\/blog\\\/a-la-francaise-episode-8-couter-les-yeux-de-la-tete\\\/#breadcrumb\",\"itemListElement\":[{\"@type\":\"ListItem\",\"position\":1,\"name\":\"Home\",\"item\":\"https:\\\/\\\/french.kwiziq.com\\\/blog\\\/\"},{\"@type\":\"ListItem\",\"position\":2,\"name\":\"\u00c0 la fran\u00e7aise Ep. 8: &#8220;Co\u00fbter les yeux de la t\u00eate&#8221;\"}]},{\"@type\":\"WebSite\",\"@id\":\"https:\\\/\\\/french.kwiziq.com\\\/blog\\\/#website\",\"url\":\"https:\\\/\\\/french.kwiziq.com\\\/blog\\\/\",\"name\":\"Kwiziq French Language Learning Blog\",\"description\":\"French language learning tips, interactive exercises and expert recommendations\",\"publisher\":{\"@id\":\"https:\\\/\\\/french.kwiziq.com\\\/blog\\\/#organization\"},\"potentialAction\":[{\"@type\":\"SearchAction\",\"target\":{\"@type\":\"EntryPoint\",\"urlTemplate\":\"https:\\\/\\\/french.kwiziq.com\\\/blog\\\/?s={search_term_string}\"},\"query-input\":{\"@type\":\"PropertyValueSpecification\",\"valueRequired\":true,\"valueName\":\"search_term_string\"}}],\"inLanguage\":\"en-GB\"},{\"@type\":\"Organization\",\"@id\":\"https:\\\/\\\/french.kwiziq.com\\\/blog\\\/#organization\",\"name\":\"Kwiziq Ltd\",\"alternateName\":\"Kwiziq\",\"url\":\"https:\\\/\\\/french.kwiziq.com\\\/blog\\\/\",\"logo\":{\"@type\":\"ImageObject\",\"inLanguage\":\"en-GB\",\"@id\":\"https:\\\/\\\/french.kwiziq.com\\\/blog\\\/#\\\/schema\\\/logo\\\/image\\\/\",\"url\":\"\\\/files\\\/french\\\/blog\\\/2025\\\/01\\\/logo-wp.png\",\"contentUrl\":\"\\\/files\\\/french\\\/blog\\\/2025\\\/01\\\/logo-wp.png\",\"width\":696,\"height\":696,\"caption\":\"Kwiziq Ltd\"},\"image\":{\"@id\":\"https:\\\/\\\/french.kwiziq.com\\\/blog\\\/#\\\/schema\\\/logo\\\/image\\\/\"},\"sameAs\":[\"https:\\\/\\\/www.facebook.com\\\/KwiziqFrench\\\/\",\"https:\\\/\\\/x.com\\\/KwiziqFrench\",\"https:\\\/\\\/www.instagram.com\\\/kwiziqfrench\",\"https:\\\/\\\/www.youtube.com\\\/@KwiziqFrench\",\"https:\\\/\\\/www.tiktok.com\\\/@kwiziqofficial\",\"https:\\\/\\\/pinterest.com\\\/kwiziqcom\\\/\",\"https:\\\/\\\/www.linkedin.com\\\/company\\\/kwiziq\\\/\"]},{\"@type\":\"Person\",\"@id\":\"https:\\\/\\\/french.kwiziq.com\\\/blog\\\/#\\\/schema\\\/person\\\/6170121044dc40512cee3d3baeaba184\",\"name\":\"C\u00e9line Pickard\",\"image\":{\"@type\":\"ImageObject\",\"inLanguage\":\"en-GB\",\"@id\":\"https:\\\/\\\/secure.gravatar.com\\\/avatar\\\/0cd22f80aeb58965ba406e70ea420652475eccd86897a06310f126b44ff65fee?s=96&d=mm&r=g6abef89e05d1b990067b7e9f487c132c\",\"url\":\"https:\\\/\\\/secure.gravatar.com\\\/avatar\\\/0cd22f80aeb58965ba406e70ea420652475eccd86897a06310f126b44ff65fee?s=96&d=mm&r=g\",\"contentUrl\":\"https:\\\/\\\/secure.gravatar.com\\\/avatar\\\/0cd22f80aeb58965ba406e70ea420652475eccd86897a06310f126b44ff65fee?s=96&d=mm&r=g\",\"caption\":\"C\u00e9line Pickard\"},\"description\":\"For over ten years now, C\u00e9line has been teaching French and Italian to students of all ages and abilities in the UK. This French native speaker comes from Brittany, and likes crafts, Breton dance (of course!) and Breton music which she actually played for four years. She also has a fondness for European cinema and British History.\",\"url\":\"https:\\\/\\\/french.kwiziq.com\\\/blog\\\/author\\\/celine\\\/\"}]}<\/script>\n<!-- \/ Yoast SEO plugin. -->","yoast_head_json":{"title":"\u00c0 la fran\u00e7aise Ep. 8: \"Co\u00fbter les yeux de la t\u00eate\" - Kwiziq French Language Learning Blog","description":"Learn exciting French idiomatic expressions to sound like a true Fran\u00e7ais(e)! Today's expression is \"co\u00fbter les yeux de la t\u00eate\".","robots":{"index":"index","follow":"follow","max-snippet":"max-snippet:-1","max-image-preview":"max-image-preview:large","max-video-preview":"max-video-preview:-1"},"canonical":"https:\/\/french.kwiziq.com\/blog\/a-la-francaise-episode-8-couter-les-yeux-de-la-tete\/","og_locale":"en_GB","og_type":"article","og_title":"\u00c0 la fran\u00e7aise - French expressions : \"Co\u00fbter les yeux de la t\u00eate\"","og_description":"Learn exciting French idiomatic expressions to sound like a true Fran\u00e7ais(e)! Today's expression is \"Co\u00fbter les yeux de la t\u00eate\".","og_url":"https:\/\/french.kwiziq.com\/blog\/a-la-francaise-episode-8-couter-les-yeux-de-la-tete\/","og_site_name":"Kwiziq French Language Learning Blog","article_publisher":"https:\/\/www.facebook.com\/KwiziqFrench\/","article_published_time":"2025-12-09T13:00:12+00:00","article_modified_time":"2026-02-02T12:57:42+00:00","og_image":[{"width":300,"height":300,"url":"https:\/\/french.kwiziq.com\/files\/french\/blog\/2025\/12\/podcast-couter-les-yeux-de-la-tete-300-1.jpg","type":"image\/jpeg"}],"author":"C\u00e9line Pickard, Aur\u00e9lie Drouard","twitter_misc":{"Written by":"C\u00e9line Pickard, Aur\u00e9lie Drouard","Estimated reading time":"3 minutes"},"schema":{"@context":"https:\/\/schema.org","@graph":[{"@type":["Article","BlogPosting"],"@id":"https:\/\/french.kwiziq.com\/blog\/a-la-francaise-episode-8-couter-les-yeux-de-la-tete\/#article","isPartOf":{"@id":"https:\/\/french.kwiziq.com\/blog\/a-la-francaise-episode-8-couter-les-yeux-de-la-tete\/"},"author":{"name":"C\u00e9line Pickard","@id":"https:\/\/french.kwiziq.com\/blog\/#\/schema\/person\/6170121044dc40512cee3d3baeaba184"},"headline":"\u00c0 la fran\u00e7aise Ep. 8: &#8220;Co\u00fbter les yeux de la t\u00eate&#8221;","datePublished":"2025-12-09T13:00:12+00:00","dateModified":"2026-02-02T12:57:42+00:00","mainEntityOfPage":{"@id":"https:\/\/french.kwiziq.com\/blog\/a-la-francaise-episode-8-couter-les-yeux-de-la-tete\/"},"wordCount":497,"commentCount":2,"publisher":{"@id":"https:\/\/french.kwiziq.com\/blog\/#organization"},"image":{"@id":"https:\/\/french.kwiziq.com\/blog\/a-la-francaise-episode-8-couter-les-yeux-de-la-tete\/#primaryimage"},"thumbnailUrl":"\/files\/french\/blog\/2025\/12\/podcast-couter-les-yeux-de-la-tete-300-1.jpg","keywords":["\u00c0 la fran\u00e7aise Podcast","B2","C1","Kwiziq French Podcasts"],"articleSection":["Listening"],"inLanguage":"en-GB","potentialAction":[{"@type":"CommentAction","name":"Comment","target":["https:\/\/french.kwiziq.com\/blog\/a-la-francaise-episode-8-couter-les-yeux-de-la-tete\/#respond"]}]},{"@type":"WebPage","@id":"https:\/\/french.kwiziq.com\/blog\/a-la-francaise-episode-8-couter-les-yeux-de-la-tete\/","url":"https:\/\/french.kwiziq.com\/blog\/a-la-francaise-episode-8-couter-les-yeux-de-la-tete\/","name":"\u00c0 la fran\u00e7aise Ep. 8: \"Co\u00fbter les yeux de la t\u00eate\" - Kwiziq French Language Learning Blog","isPartOf":{"@id":"https:\/\/french.kwiziq.com\/blog\/#website"},"primaryImageOfPage":{"@id":"https:\/\/french.kwiziq.com\/blog\/a-la-francaise-episode-8-couter-les-yeux-de-la-tete\/#primaryimage"},"image":{"@id":"https:\/\/french.kwiziq.com\/blog\/a-la-francaise-episode-8-couter-les-yeux-de-la-tete\/#primaryimage"},"thumbnailUrl":"\/files\/french\/blog\/2025\/12\/podcast-couter-les-yeux-de-la-tete-300-1.jpg","datePublished":"2025-12-09T13:00:12+00:00","dateModified":"2026-02-02T12:57:42+00:00","description":"Learn exciting French idiomatic expressions to sound like a true Fran\u00e7ais(e)! Today's expression is \"co\u00fbter les yeux de la t\u00eate\".","breadcrumb":{"@id":"https:\/\/french.kwiziq.com\/blog\/a-la-francaise-episode-8-couter-les-yeux-de-la-tete\/#breadcrumb"},"inLanguage":"en-GB","potentialAction":[{"@type":"ReadAction","target":["https:\/\/french.kwiziq.com\/blog\/a-la-francaise-episode-8-couter-les-yeux-de-la-tete\/"]}]},{"@type":"ImageObject","inLanguage":"en-GB","@id":"https:\/\/french.kwiziq.com\/blog\/a-la-francaise-episode-8-couter-les-yeux-de-la-tete\/#primaryimage","url":"\/files\/french\/blog\/2025\/12\/podcast-couter-les-yeux-de-la-tete-300-1.jpg","contentUrl":"\/files\/french\/blog\/2025\/12\/podcast-couter-les-yeux-de-la-tete-300-1.jpg","width":300,"height":300},{"@type":"BreadcrumbList","@id":"https:\/\/french.kwiziq.com\/blog\/a-la-francaise-episode-8-couter-les-yeux-de-la-tete\/#breadcrumb","itemListElement":[{"@type":"ListItem","position":1,"name":"Home","item":"https:\/\/french.kwiziq.com\/blog\/"},{"@type":"ListItem","position":2,"name":"\u00c0 la fran\u00e7aise Ep. 8: &#8220;Co\u00fbter les yeux de la t\u00eate&#8221;"}]},{"@type":"WebSite","@id":"https:\/\/french.kwiziq.com\/blog\/#website","url":"https:\/\/french.kwiziq.com\/blog\/","name":"Kwiziq French Language Learning Blog","description":"French language learning tips, interactive exercises and expert recommendations","publisher":{"@id":"https:\/\/french.kwiziq.com\/blog\/#organization"},"potentialAction":[{"@type":"SearchAction","target":{"@type":"EntryPoint","urlTemplate":"https:\/\/french.kwiziq.com\/blog\/?s={search_term_string}"},"query-input":{"@type":"PropertyValueSpecification","valueRequired":true,"valueName":"search_term_string"}}],"inLanguage":"en-GB"},{"@type":"Organization","@id":"https:\/\/french.kwiziq.com\/blog\/#organization","name":"Kwiziq Ltd","alternateName":"Kwiziq","url":"https:\/\/french.kwiziq.com\/blog\/","logo":{"@type":"ImageObject","inLanguage":"en-GB","@id":"https:\/\/french.kwiziq.com\/blog\/#\/schema\/logo\/image\/","url":"\/files\/french\/blog\/2025\/01\/logo-wp.png","contentUrl":"\/files\/french\/blog\/2025\/01\/logo-wp.png","width":696,"height":696,"caption":"Kwiziq Ltd"},"image":{"@id":"https:\/\/french.kwiziq.com\/blog\/#\/schema\/logo\/image\/"},"sameAs":["https:\/\/www.facebook.com\/KwiziqFrench\/","https:\/\/x.com\/KwiziqFrench","https:\/\/www.instagram.com\/kwiziqfrench","https:\/\/www.youtube.com\/@KwiziqFrench","https:\/\/www.tiktok.com\/@kwiziqofficial","https:\/\/pinterest.com\/kwiziqcom\/","https:\/\/www.linkedin.com\/company\/kwiziq\/"]},{"@type":"Person","@id":"https:\/\/french.kwiziq.com\/blog\/#\/schema\/person\/6170121044dc40512cee3d3baeaba184","name":"C\u00e9line Pickard","image":{"@type":"ImageObject","inLanguage":"en-GB","@id":"https:\/\/secure.gravatar.com\/avatar\/0cd22f80aeb58965ba406e70ea420652475eccd86897a06310f126b44ff65fee?s=96&d=mm&r=g6abef89e05d1b990067b7e9f487c132c","url":"https:\/\/secure.gravatar.com\/avatar\/0cd22f80aeb58965ba406e70ea420652475eccd86897a06310f126b44ff65fee?s=96&d=mm&r=g","contentUrl":"https:\/\/secure.gravatar.com\/avatar\/0cd22f80aeb58965ba406e70ea420652475eccd86897a06310f126b44ff65fee?s=96&d=mm&r=g","caption":"C\u00e9line Pickard"},"description":"For over ten years now, C\u00e9line has been teaching French and Italian to students of all ages and abilities in the UK. This French native speaker comes from Brittany, and likes crafts, Breton dance (of course!) and Breton music which she actually played for four years. She also has a fondness for European cinema and British History.","url":"https:\/\/french.kwiziq.com\/blog\/author\/celine\/"}]}},"_links":{"self":[{"href":"https:\/\/french.kwiziq.com\/blog\/wp-json\/wp\/v2\/posts\/12678","targetHints":{"allow":["GET"]}}],"collection":[{"href":"https:\/\/french.kwiziq.com\/blog\/wp-json\/wp\/v2\/posts"}],"about":[{"href":"https:\/\/french.kwiziq.com\/blog\/wp-json\/wp\/v2\/types\/post"}],"author":[{"embeddable":true,"href":"https:\/\/french.kwiziq.com\/blog\/wp-json\/wp\/v2\/users\/14"}],"replies":[{"embeddable":true,"href":"https:\/\/french.kwiziq.com\/blog\/wp-json\/wp\/v2\/comments?post=12678"}],"version-history":[{"count":15,"href":"https:\/\/french.kwiziq.com\/blog\/wp-json\/wp\/v2\/posts\/12678\/revisions"}],"predecessor-version":[{"id":12951,"href":"https:\/\/french.kwiziq.com\/blog\/wp-json\/wp\/v2\/posts\/12678\/revisions\/12951"}],"wp:featuredmedia":[{"embeddable":true,"href":"https:\/\/french.kwiziq.com\/blog\/wp-json\/wp\/v2\/media\/12768"}],"wp:attachment":[{"href":"https:\/\/french.kwiziq.com\/blog\/wp-json\/wp\/v2\/media?parent=12678"}],"wp:term":[{"taxonomy":"category","embeddable":true,"href":"https:\/\/french.kwiziq.com\/blog\/wp-json\/wp\/v2\/categories?post=12678"},{"taxonomy":"post_tag","embeddable":true,"href":"https:\/\/french.kwiziq.com\/blog\/wp-json\/wp\/v2\/tags?post=12678"},{"taxonomy":"author","embeddable":true,"href":"https:\/\/french.kwiziq.com\/blog\/wp-json\/wp\/v2\/coauthors?post=12678"}],"curies":[{"name":"wp","href":"https:\/\/api.w.org\/{rel}","templated":true}]}}